{"id":801,"__str__":"Ordem do Dia/Expediente: 4 - Indica\u00e7\u00e3o n\u00ba 6 de 2018 em 5\u00aa Ordin\u00e1ria da 2\u00aa Sess\u00e3o Legislativa da 14\u00aa Legislatura","link_detail_backend":"/sessao/ordemdia/801","metadata":{},"data_ordem":"2018-04-09","observacao":"INDICA\u00c7\u00c3O N\u00ba 06/2018 INDICA\u00c7\u00c3O:\r\n  \r\n1.\tQUE O PODER P\u00daBLICO JUNTAMENTE COM A COMISS\u00c3O DE TR\u00c2NSITO DO MUNIC\u00cdPIO, PROVIDENCIE A APLICA\u00c7\u00c3O DE PLACAS DE REGULAMENTA\u00c7\u00c3O, PROIBINDO A PASSAGEM DE CAMINH\u00d5ES DE CARGA PESADA NA RUA JO\u00c3O MAFESSONI;\r\n2.\tQUE O PODER EXECUTIVO UTILIZE A \u00c1REA ACIMA DA CRECHE PARA ESTACIONAMENTO EXCLUSIVO DE VE\u00cdCULOS AOS PAIS E PROFESSORES DA INSTITUI\u00c7\u00c3O.\r\n3.\tQUE O PODER P\u00daBLICO ATRAV\u00c9S DE LEI MUNICIPAL NOTIFIQUE AS COMUNIDADES QUE POSSUEM PO\u00c7OS ARTESIANOS, PARA QUE AS MESMAS FA\u00c7AM A IMPLANTA\u00c7\u00c3O DE APARELHOS CLORADORES, OU SEJA, APARELHO QUE DETERMINE A QUANTIDADE CORRETA DE CLORO A SER COLOCADA NA \u00c1GUA, PARA ASSIM MELHORAR A QUALIDADE DA \u00c1GUA.\r\n\r\n","numero_ordem":4,"resultado":"","tipo_votacao":2,"votacao_aberta":false,"registro_aberto":null,"sessao_plenaria":155,"materia":841,"tramitacao":null}