{"id":188,"__str__":"EDEVAL BORCIONI (11\u00ba orador)","link_detail_backend":"/sessao/orador/188","metadata":{},"numero_ordem":11,"url_discurso":"","observacao":"Constantina de emancipa\u00e7\u00e3o s\u00f3cio pol\u00edtica.","upload_anexo":null,"sessao_plenaria":407,"parlamentar":100}