{"id":690,"__str__":"Pedido de Informa\u00e7\u00e3o n\u00ba 8 de 2017","link_detail_backend":"/materia/690","metadata":{},"numero":8,"ano":2017,"numero_protocolo":null,"data_apresentacao":"2017-06-05","tipo_apresentacao":"E","data_publicacao":null,"numero_origem_externa":"","ano_origem_externa":null,"data_origem_externa":null,"apelido":"","dias_prazo":null,"data_fim_prazo":null,"em_tramitacao":true,"polemica":null,"objeto":"","complementar":null,"ementa":"PEDIDO DE INFORMA\u00c7\u00c3O N.\u00ba 08/2017\r\nSENHOR PRESIDENTE:\r\nO VEREADOR ALUISIO CESAR CALEFFI VALLE, ARI DIRCEU GIACOMINI,  NILDO ZANELLA, SONIA C\u00c2MARA LIMA E VILSON MENEGAZZO, COM ASSENTO NAS BANCADAS DO PP E PSDB, NOS TERMOS REGIMENTAIS, SOLICITA QUE, AP\u00d3S TRAMITA\u00c7\u00c3O E APROVA\u00c7\u00c3O DO PLEN\u00c1RIO, SEJA ENVIADO AO PODER EXECUTIVO MUNICIPAL, O SEGUINTE:\r\nPEDIDO DE INFORMA\u00c7\u00c3O: \tQUE SEJA ENCAMINHADO AO PODER LEGISLATIVO MUNICIPAL:\r\n1)\tRELA\u00c7\u00c3O DOS MOTORISTAS LOTADOS NA SECRETARIA DA EDUCA\u00c7\u00c3O QUE FAZEM O TRANSPORTE ESCOLAR, QUAL O TRAJETO DE CADA UM E C\u00d3PIA DA CARTEIRA NACIONAL DE HABILITA\u00c7\u00c3O DOS MESMOS.\r\n2)\tRELA\u00c7\u00c3O DA FROTA DE \u00d4NIBUS, KOMBI OU AUTOM\u00d3VEL, SE FOR O CASO, QUE TRANSPORTAM OS ALUNOS DA REDE ESCOLAR DE ENSINO, BEM COMO O SEU ANO DE FABRICA\u00c7\u00c3O E SE HOUVE REVIS\u00c3O ANTES DE INICIAR O TRANSPORTE ESCOLAR \r\n","indexacao":"","observacao":"","resultado":"","texto_original":"http://sapl.constantina.rs.leg.br/media/sapl/public/materialegislativa/2017/690/690_texto_integral.pdf","data_ultima_atualizacao":"2018-10-15T12:35:47.544543-03:00","ip":"","ultima_edicao":null,"tipo":3,"regime_tramitacao":1,"tipo_origem_externa":null,"local_origem_externa":null,"user":null,"anexadas":[],"autores":[16]}