{"id":642,"__str__":"Mo\u00e7\u00e3o n\u00ba 1 de 2017","link_detail_backend":"/materia/642","metadata":{},"numero":1,"ano":2017,"numero_protocolo":null,"data_apresentacao":"2017-04-03","tipo_apresentacao":"E","data_publicacao":null,"numero_origem_externa":"","ano_origem_externa":null,"data_origem_externa":null,"apelido":"","dias_prazo":null,"data_fim_prazo":null,"em_tramitacao":true,"polemica":null,"objeto":"","complementar":null,"ementa":"MO\u00c7\u00c3O  DE PROTESTO N\u00ba001/2017\tREQUER \u00c1 MESA, SEJA ENVIADA AS BANCADAS DOS NOSSOS  DEPUTADOS FEDERAIS &#8220;MO\u00c7\u00c3O DE PROTESTO AO PROJETO DE EMENDA \u00c0\r\nCONSTITUI\u00c7\u00c3O FEDERAL N\u00ba. 287/2016, QUE PREV\u00ca A\r\nREFORMA AO SISTEMA PREVIDENCI\u00c1RIO BRASILEIRO","indexacao":"","observacao":"","resultado":"","texto_original":"http://sapl.constantina.rs.leg.br/media/sapl/public/materialegislativa/2017/642/642_texto_integral.pdf","data_ultima_atualizacao":"2018-10-15T12:35:47.743753-03:00","ip":"","ultima_edicao":null,"tipo":7,"regime_tramitacao":1,"tipo_origem_externa":null,"local_origem_externa":null,"user":null,"anexadas":[],"autores":[7]}