{"id":1607,"__str__":"Projeto de Resolu\u00e7\u00e3o n\u00ba 1 de 2023","link_detail_backend":"/materia/1607","metadata":{},"numero":1,"ano":2023,"numero_protocolo":44,"data_apresentacao":"2023-03-13","tipo_apresentacao":"","data_publicacao":null,"numero_origem_externa":"","ano_origem_externa":null,"data_origem_externa":null,"apelido":"","dias_prazo":null,"data_fim_prazo":null,"em_tramitacao":true,"polemica":false,"objeto":"","complementar":false,"ementa":"Projeto de Resolu\u00e7\u00e3o n\u00b0 01/2023 de 07 de mar\u00e7o de 2023. \u201cDISP\u00d5E SOBRE O REGIME DE CONCESS\u00c3O DE DI\u00c1RIAS NO \u00c2MBITO DA C\u00c2MARA DE VEREADORES DE CONSTANTINA E D\u00c1 OUTRAS PROVID\u00caNCIAS\u201d","indexacao":"","observacao":"","resultado":"","texto_original":"http://sapl.constantina.rs.leg.br/media/sapl/public/materialegislativa/2023/1607/projeto_de_resolucao_01.2023_-_dispoes_sobre_as_diarias_de_viagens_2023.pdf","data_ultima_atualizacao":"2023-03-13T14:06:15.001281-03:00","ip":"","ultima_edicao":null,"tipo":2,"regime_tramitacao":1,"tipo_origem_externa":null,"local_origem_externa":null,"user":null,"anexadas":[],"autores":[10]}