{"id":1278,"__str__":"Indica\u00e7\u00e3o n\u00ba 12 de 2021","link_detail_backend":"/materia/1278","metadata":{},"numero":12,"ano":2021,"numero_protocolo":72,"data_apresentacao":"2021-06-24","tipo_apresentacao":"","data_publicacao":null,"numero_origem_externa":"","ano_origem_externa":null,"data_origem_externa":null,"apelido":"","dias_prazo":null,"data_fim_prazo":null,"em_tramitacao":true,"polemica":false,"objeto":"","complementar":false,"ementa":"INDICA\u00c7\u00c3O N\u00ba 12/2021 Senhor Presidente:\tO Vereador EDEVAL BORCIONI - Bancada dos Trabalhadores, nos termos regimentais, prop\u00f5e que a C\u00e2mara Municipal de Vereadores aprecie e, se aprovada, envie ao Poder Executivo a seguinte: INDICA\u00c7\u00c3O: Que a Administra\u00e7\u00e3o Municipal juntamente com a secret\u00e1ria municipal da sa\u00fade possibilite a vacina\u00e7\u00e3o aos Trabalhadores das diversas Institui\u00e7\u00f5es banc\u00e1rias bem como aos cabeleireiros  sal\u00f5es de beleza e restaurantes.","indexacao":"","observacao":"","resultado":"","texto_original":"http://sapl.constantina.rs.leg.br/media/sapl/public/materialegislativa/2021/1278/indicacao_no_12_-_edeval_-_vacinas.pdf","data_ultima_atualizacao":"2021-06-24T10:25:17.629612-03:00","ip":"","ultima_edicao":null,"tipo":8,"regime_tramitacao":1,"tipo_origem_externa":null,"local_origem_externa":null,"user":null,"anexadas":[],"autores":[51]}