{"id":69,"__str__":"Emenda - 01/2023 de 08/08/2023 por Angelo Guaresi","link_detail_backend":"/materia/documentoacessorio/69","metadata":{},"nome":"01/2023","data":"2023-08-08","autor":"Angelo Guaresi","ementa":"EMENDA N\u00ba 01 AO PROJETO DE LEI N\u00ba 75/2023.\r\n\r\n\r\nAUTORIZA A DESAFETA\u00c7\u00c3O DE \u00c1REA INSTITUCIONAL DO MUNIC\u00cdPIO DE CONSTANTINA E AUTORIZA O PODER EXECUTIVO MUNICIPAL A ALIENAR \u00c1REAS DE TERRA \u00c0 \u201cCOOPERATIVAS AGROINDUSTRIAIS DO RAMO DE RECEBIMENTO DE GR\u00c3OS\u201d E D\u00c1 OUTRAS PROVID\u00caNCIAS.\r\n\r\nArt. 1\u00ba. Altera a ementa do Projeto de Lei n\u00ba 75/2023, passando a ter a seguinte reda\u00e7\u00e3o:\r\n\r\nAUTORIZA A DESAFETA\u00c7\u00c3O DE \u00c1REA INSTITUCIONAL DO MUNIC\u00cdPIO DE CONSTANTINA E AUTORIZA O PODER EXECUTIVO MUNICIPAL A ALIENAR \u00c1REAS DE TERRA E D\u00c1 OUTRAS PROVID\u00caNCIAS.\r\n\r\nArt. 2\u00ba. Altera o art. 2\u00ba do Projeto de Lei n\u00ba 75/2023, passando a ter a seguinte reda\u00e7\u00e3o:\r\nArt. 2\u00ba. A aliena\u00e7\u00e3o ser\u00e1 exclusivamente para Pessoa Jur\u00eddica, com o objetivo de implementar qualquer tipo de empreendimento, vedada a participa\u00e7\u00e3o de Pessoa F\u00edsica.\r\n\r\nArt. 3\u00ba. Altera o art. 3\u00ba do Projeto de Lei n\u00ba 75/2023, passando a ter a seguinte reda\u00e7\u00e3o:\r\nArt. 3\u00ba. A venda dos im\u00f3veis autorizada por esta Lei, ser\u00e1 precedida do devido processo licitat\u00f3rio nos termos da Lei de Licita\u00e7\u00f5es vigente \u00e0 sua realiza\u00e7\u00e3o. \r\n\u00a7 1\u00ba. O edital de licita\u00e7\u00e3o definir\u00e1 os requisitos da aliena\u00e7\u00e3o, devendo estabelecer, entre outras, cl\u00e1usula de resolu\u00e7\u00e3o e revers\u00e3o. \r\n\u00a7 2\u00ba. O im\u00f3vel ser\u00e1 transferido \u00e0 beneficiada atrav\u00e9s de escritura p\u00fablica, sendo as despesas cartor\u00e1rias e registrais por conta desta.\r\n\r\nArt. 4\u00ba. Altera o art. 4\u00ba, suprimindo os incisos I e II, do Projeto de Lei n\u00ba 75/2023, passando a ter a seguinte reda\u00e7\u00e3o:\r\n\r\nArt. 4\u00ba. A Empresa vencedora do certame fica obrigada, sob pena de resolu\u00e7\u00e3o e revers\u00e3o, em especial os seguintes encargos, iniciar as constru\u00e7\u00f5es em at\u00e9 01 (um) ano a contar da assinatura da escritura de transfer\u00eancia do im\u00f3vel, com in\u00edcio das atividades no prazo m\u00e1ximo de 02 (dois) anos a contar do mesmo ato, estes prazos n\u00e3o poder\u00e3o ser prorrogados. \r\n\r\nArt. 5\u00ba. Suprime o par\u00e1grafo \u00fanico e altera o art.6\u00ba do Projeto de Lei n\u00ba 75/2023, passando a ter a seguinte reda\u00e7\u00e3o:\r\n \r\nArt. 6\u00ba. O Munic\u00edpio criar\u00e1 conta corrente espec\u00edfica com o t\u00edtulo aliena\u00e7\u00e3o de im\u00f3vel, sendo que os recursos dever\u00e3o ser utilizados para aquisi\u00e7\u00e3o de uma nova \u00e1rea de terras.\r\n\r\nArt. 6. Os demais dispositivos permanecem inalterados.\r\n\r\nC\u00e2mara de vereadores de Constantina \u2013 RS, 07 de agosto de 2023.\r\n Proponentes:\r\n\r\nVereador Almir Villa\t\t\t\tVer. Edeval Borcioni\r\n\t\r\nVereador Ari Giacomini\t\t\t\tVereador  Marcos Xavier\r\n\r\nVereador Gelso Polaquini\t\t\t\tVereador Cristian Bratz\r\n\r\nVereador Ademar Francio Fontoura\t\tVereador Lindomar Duranti\r\n\r\nVereador Angelo Guaresi\r\n\r\n\r\n\r\n\r\n\r\n\r\n\r\n\r\n\r\n\r\n\r\n\r\n\r\n\r\n\r\n\r\n\r\n\r\n\r\n\r\n\r\n\r\n\r\n\r\n\r\n\r\n\r\n\r\n\r\nJUSTIFICATIVA A EMENDA N\u00ba 01 AO PROJETO DE LEI N\u00ba 75/2023\r\n\r\nA presente emenda visa fazer algumas adequa\u00e7\u00f5es no projeto de Lei, ajustando as disposi\u00e7\u00f5es existentes na Legisla\u00e7\u00e3o Municipal existente.\r\nC\u00e2mara de vereadores de Constantina \u2013 RS, 07 de agosto de 2023.\r\n\r\nProponentes:\r\n\r\n\r\nVereador Almir Villa\t\t\t\tVer. Edeval Borcioni\r\n\t\r\nVereador Ari Giacomini\t\t\t\tVereador  Marcos Xavier\r\n\r\nVereador Gelso Polaquini\t\t\t\tVereador Cristian Bratz\r\n\r\nVereador Ademar Francio Fontoura\t\tVereador Lindomar Duranti\r\n\r\nVereador Angelo Guaresi","indexacao":"","arquivo":"http://sapl.constantina.rs.leg.br/media/sapl/public/documentoacessorio/2023/69/emenda_01.2023_ao_pl_75.2023_-_emenda_alienacao_barra_curta_-_07.08.2023.pdf","data_ultima_atualizacao":"2023-08-08T09:43:14.095567-03:00","materia":1681,"tipo":6}