{"id":159,"__str__":"Avulso - Quadro das Dota\u00e7\u00f5es por \u00d3rg\u00e3o do Governo e da Admi de 08/04/2026 por Executivo","link_detail_backend":"/materia/documentoacessorio/159","metadata":{},"nome":"Quadro das Dota\u00e7\u00f5es por \u00d3rg\u00e3o do Governo e da Admi","data":"2026-04-08","autor":"Executivo","ementa":"","indexacao":"","arquivo":"http://sapl.constantina.rs.leg.br/media/sapl/public/documentoacessorio/2025/159/quadro_das_dotacoes_por_orgao_do_governo_e_da_administracao_-_qdd_1.pdf","data_ultima_atualizacao":"2026-04-08T13:39:22.467324-03:00","materia":2102,"tipo":3}